{"id":3951,"date":"2025-01-29T11:56:26","date_gmt":"2025-01-29T11:56:26","guid":{"rendered":"http:\/\/www.casaldelespluga.cat\/?p=3951"},"modified":"2025-02-12T14:42:33","modified_gmt":"2025-02-12T14:42:33","slug":"els-pastorets-de-lespluga-inicien-una-campanya-de-micromecenatge-per-la-nova-escenografia","status":"publish","type":"post","link":"https:\/\/www.casaldelespluga.cat\/?p=3951","title":{"rendered":"Els Pastorets de l\u2019Espluga inicien una campanya de micromecenatge per la nova escenografia"},"content":{"rendered":"\n<p>L\u2019Espluga de Francol\u00ed \u2013 El Grup de Tratea Teatre dels Pastorets de l\u2019Espluga de Francol\u00ed ha llan\u00e7at una nova campanya de crowdfunding per a recaptar fons per a la creaci\u00f3 d\u2019una nova escenografia per a la representaci\u00f3 dels Pastorets de la propera edici\u00f3 de 2025. Aquest canvi es realitza amb motiu de la celebraci\u00f3 del 50\u00e8 aniversari de la representaci\u00f3 de l\u2019obra al Teatre del Casal, un esdeveniment emblem\u00e0tic per a la localitat i per a tots aquells que han participat en la tradici\u00f3 al llarg d\u2019aquest mig segle.<\/p>\n\n\n\n<p>Els Pastorets de l\u2019Espluga, una de les representacions m\u00e9s arrelades de la comarca i de la prov\u00edncia, han estat representats ininterrompudament des de fa cinc d\u00e8cades al Teatre del Casal, encara que en format bianual els darrers anys. Aquest espai ha estat testimoni de l\u2019evoluci\u00f3 de l\u2019espectacle, que combina elements de la tradici\u00f3 nadalenca amb l\u2019espectacularitat d\u2019una producci\u00f3 teatral en viu. Per tal de marcar aquest mig segle de representacions, el grup de teatre ha decidit renovar l\u2019escenografia per a la propera edici\u00f3 d\u2019enguany, amb l\u2019objectiu d\u2019actualitzar els efectes visuals i millorar l\u2019experi\u00e8ncia dels espectadors.<\/p>\n\n\n\n<p><strong>Una crida a la col\u00b7laboraci\u00f3 comunit\u00e0ria<\/strong><\/p>\n\n\n\n<p>Amb aquesta campanya de crowdfunding, el Grup d\u2019Els Pastorets \u2013 Tratea Teatre fa una crida a la solidaritat de tots els amants de la cultura i la tradici\u00f3 nadalenca, aix\u00ed com a aquells que vulguin contribuir al manteniment i creixement d\u2019aquesta activitat que forma part de la hist\u00f2ria de l\u2019Espluga de Francol\u00ed. Els fons recollits es destinaran a la compra de materials, la creaci\u00f3 de nous elements escenogr\u00e0fics i dels decorats i la incorporaci\u00f3 de noves tecnologies que permetin a l\u2019espectacle renovar la seva est\u00e8tica i mantenir la seva qualitat en aquesta data tan assenyalada.<\/p>\n\n\n\n<p><strong>Com col\u00b7laborar?<\/strong><\/p>\n\n\n\n<p>La campanya ja est\u00e0 activa a trav\u00e9s de la plataforma\u00a0 \u201cGoFundMe \u201c, i es pot fer una aportaci\u00f3 en l\u00ednia en qualsevol moment. Totes les persones interessades poden trobar m\u00e9s informaci\u00f3 sobre el projecte i les diferents opcions d\u2019aportaci\u00f3 al seg\u00fcent enlla\u00e7: <a href=\"https:\/\/www.gofundme.com\/s?q=pastorets\" target=\"_blank\" rel=\"noreferrer noopener\">https:\/\/www.gofundme.com\/s?q=pastorets<\/a>. Tamb\u00e9 directament a <a href=\"http:\/\/www.pastoretsdelespluga.cat\">www.pastoretsdelespluga.cat<\/a>.<\/p>\n\n\n\n<p>L\u2019entitat d\u2019Els Pastorets participar\u00e0 durant tot el cap de setmana amb un estand en la 459a Fira de Sant Vicen\u00e7 \u2013 El Foc el nostre origen que tindr\u00e0 lloc els propers dies 25 i 26 de gener de 2025 a l\u2019Espluga de Francol\u00ed. En el mateix estand es donar\u00e0 a con\u00e8ixer la campanya per finan\u00e7ar els nous decorats i escenografia i es promocionar\u00e0 el nou espectacle de cara a aquesta temporada.<\/p>\n\n\n\n<p><strong>Sobre els Pastorets de l\u2019Espluga de Francol\u00ed i les dates de representaci\u00f3<\/strong><\/p>\n\n\n\n<p>Les representacions de la temporada d\u2019enguany s\u2019inauguraran com ja \u00e9s habitual el dia de Nadal, el 25 de desembre, i una segona representaci\u00f3 que es dur\u00e0 a terme el diumenge 28 de desembre del 2025, ambdues, com sempre al Teatre del Casal de l\u2019Espluga de Francol\u00ed.<\/p>\n\n\n\n<p>Els Pastorets de l\u2019Espluga de Francol\u00ed s\u00f3n una representaci\u00f3 teatral tradicional de la poblaci\u00f3, que es realitza cada any durant les festes de Nadal. Aquesta obra, que combina humor, emoci\u00f3 i tradici\u00f3, ha estat un dels grans atractius culturals de la localitat i \u00e9s un esdeveniment molt esperat per tots els amants del teatre i de les tradicions nadalenques. Aquest 2025, per commemorar el 50\u00e8 aniversari de la seva representaci\u00f3 al Teatre del Casal, s\u2019espera una edici\u00f3 molt especial amb novetats per al p\u00fablic.<\/p>\n\n\n\n<p>Per m\u00e9s informaci\u00f3, contacte amb:<\/p>\n\n\n\n<p>\u00c0ngel Tierz Garcia<\/p>\n\n\n\n<p>722 42 61 52<\/p>\n\n\n\n<p>pastoretsdelespluga@gmail.com<\/p>\n","protected":false},"excerpt":{"rendered":"<p>L\u2019Espluga de Francol\u00ed \u2013 El Grup de Tratea Teatre dels Pastorets de l\u2019Espluga de Francol\u00ed ha llan\u00e7at una nova campanya de crowdfunding per a recaptar fons per a la creaci\u00f3 d\u2019una nova escenografia per a la representaci\u00f3 dels Pastorets de la propera edici\u00f3 de 2025. Aquest canvi es realitza amb motiu de la celebraci\u00f3 del [&hellip;]<\/p>\n","protected":false},"author":1,"featured_media":0,"comment_status":"open","ping_status":"open","sticky":false,"template":"","format":"standard","meta":{"_monsterinsights_skip_tracking":false,"_monsterinsights_sitenote_active":false,"_monsterinsights_sitenote_note":"","_monsterinsights_sitenote_category":0,"footnotes":""},"categories":[1],"tags":[],"class_list":["post-3951","post","type-post","status-publish","format-standard","hentry","category-sin-categoria"],"yoast_head":"<!-- This site is optimized with the Yoast SEO plugin v27.4 - https:\/\/yoast.com\/product\/yoast-seo-wordpress\/ -->\n<title>Els Pastorets de l\u2019Espluga inicien una campanya de micromecenatge per la nova escenografia - Casal de l\u00b4Espluga de Francol\u00ed<\/title>\n<meta name=\"robots\" content=\"index, follow, max-snippet:-1, max-image-preview:large, max-video-preview:-1\" \/>\n<link rel=\"canonical\" href=\"https:\/\/www.casaldelespluga.cat\/?p=3951\" \/>\n<meta property=\"og:locale\" content=\"ca_ES\" \/>\n<meta property=\"og:type\" content=\"article\" \/>\n<meta property=\"og:title\" content=\"Els Pastorets de l\u2019Espluga inicien una campanya de micromecenatge per la nova escenografia - Casal de l\u00b4Espluga de Francol\u00ed\" \/>\n<meta property=\"og:description\" content=\"L\u2019Espluga de Francol\u00ed \u2013 El Grup de Tratea Teatre dels Pastorets de l\u2019Espluga de Francol\u00ed ha llan\u00e7at una nova campanya de crowdfunding per a recaptar fons per a la creaci\u00f3 d\u2019una nova escenografia per a la representaci\u00f3 dels Pastorets de la propera edici\u00f3 de 2025. Aquest canvi es realitza amb motiu de la celebraci\u00f3 del [&hellip;]\" \/>\n<meta property=\"og:url\" content=\"https:\/\/www.casaldelespluga.cat\/?p=3951\" \/>\n<meta property=\"og:site_name\" content=\"Casal de l\u00b4Espluga de Francol\u00ed\" \/>\n<meta property=\"article:publisher\" content=\"https:\/\/www.facebook.com\/?locale=ca_ES\" \/>\n<meta property=\"article:published_time\" content=\"2025-01-29T11:56:26+00:00\" \/>\n<meta property=\"article:modified_time\" content=\"2025-02-12T14:42:33+00:00\" \/>\n<meta name=\"author\" content=\"EvaBonet\" \/>\n<meta name=\"twitter:card\" content=\"summary_large_image\" \/>\n<meta name=\"twitter:label1\" content=\"Escrit per\" \/>\n\t<meta name=\"twitter:data1\" content=\"EvaBonet\" \/>\n\t<meta name=\"twitter:label2\" content=\"Temps estimat de lectura\" \/>\n\t<meta name=\"twitter:data2\" content=\"4 minuts\" \/>\n<script type=\"application\/ld+json\" class=\"yoast-schema-graph\">{\"@context\":\"https:\\\/\\\/schema.org\",\"@graph\":[{\"@type\":\"Article\",\"@id\":\"https:\\\/\\\/www.casaldelespluga.cat\\\/?p=3951#article\",\"isPartOf\":{\"@id\":\"https:\\\/\\\/www.casaldelespluga.cat\\\/?p=3951\"},\"author\":{\"name\":\"EvaBonet\",\"@id\":\"https:\\\/\\\/www.casaldelespluga.cat\\\/#\\\/schema\\\/person\\\/9296b5e542097ee7b621e10e4de9452f\"},\"headline\":\"Els Pastorets de l\u2019Espluga inicien una campanya de micromecenatge per la nova escenografia\",\"datePublished\":\"2025-01-29T11:56:26+00:00\",\"dateModified\":\"2025-02-12T14:42:33+00:00\",\"mainEntityOfPage\":{\"@id\":\"https:\\\/\\\/www.casaldelespluga.cat\\\/?p=3951\"},\"wordCount\":616,\"commentCount\":0,\"publisher\":{\"@id\":\"https:\\\/\\\/www.casaldelespluga.cat\\\/#organization\"},\"articleSection\":[\"Sin categor\u00eda\"],\"inLanguage\":\"ca\",\"potentialAction\":[{\"@type\":\"CommentAction\",\"name\":\"Comment\",\"target\":[\"https:\\\/\\\/www.casaldelespluga.cat\\\/?p=3951#respond\"]}]},{\"@type\":\"WebPage\",\"@id\":\"https:\\\/\\\/www.casaldelespluga.cat\\\/?p=3951\",\"url\":\"https:\\\/\\\/www.casaldelespluga.cat\\\/?p=3951\",\"name\":\"Els Pastorets de l\u2019Espluga inicien una campanya de micromecenatge per la nova escenografia - Casal de l\u00b4Espluga de Francol\u00ed\",\"isPartOf\":{\"@id\":\"https:\\\/\\\/www.casaldelespluga.cat\\\/#website\"},\"datePublished\":\"2025-01-29T11:56:26+00:00\",\"dateModified\":\"2025-02-12T14:42:33+00:00\",\"breadcrumb\":{\"@id\":\"https:\\\/\\\/www.casaldelespluga.cat\\\/?p=3951#breadcrumb\"},\"inLanguage\":\"ca\",\"potentialAction\":[{\"@type\":\"ReadAction\",\"target\":[\"https:\\\/\\\/www.casaldelespluga.cat\\\/?p=3951\"]}]},{\"@type\":\"BreadcrumbList\",\"@id\":\"https:\\\/\\\/www.casaldelespluga.cat\\\/?p=3951#breadcrumb\",\"itemListElement\":[{\"@type\":\"ListItem\",\"position\":1,\"name\":\"Portada\",\"item\":\"https:\\\/\\\/www.casaldelespluga.cat\\\/\"},{\"@type\":\"ListItem\",\"position\":2,\"name\":\"Els Pastorets de l\u2019Espluga inicien una campanya de micromecenatge per la nova escenografia\"}]},{\"@type\":\"WebSite\",\"@id\":\"https:\\\/\\\/www.casaldelespluga.cat\\\/#website\",\"url\":\"https:\\\/\\\/www.casaldelespluga.cat\\\/\",\"name\":\"Casal de l\u00b4Espluga de Francol\u00ed\",\"description\":\"Associaci\u00f3 sociocultural i esportiva\",\"publisher\":{\"@id\":\"https:\\\/\\\/www.casaldelespluga.cat\\\/#organization\"},\"potentialAction\":[{\"@type\":\"SearchAction\",\"target\":{\"@type\":\"EntryPoint\",\"urlTemplate\":\"https:\\\/\\\/www.casaldelespluga.cat\\\/?s={search_term_string}\"},\"query-input\":{\"@type\":\"PropertyValueSpecification\",\"valueRequired\":true,\"valueName\":\"search_term_string\"}}],\"inLanguage\":\"ca\"},{\"@type\":\"Organization\",\"@id\":\"https:\\\/\\\/www.casaldelespluga.cat\\\/#organization\",\"name\":\"Casal de l\u00b4Espluga de Francol\u00ed\",\"url\":\"https:\\\/\\\/www.casaldelespluga.cat\\\/\",\"logo\":{\"@type\":\"ImageObject\",\"inLanguage\":\"ca\",\"@id\":\"https:\\\/\\\/www.casaldelespluga.cat\\\/#\\\/schema\\\/logo\\\/image\\\/\",\"url\":\"https:\\\/\\\/www.casaldelespluga.cat\\\/wp-content\\\/uploads\\\/2018\\\/08\\\/cropped-cropped-logo-casal.jpg\",\"contentUrl\":\"https:\\\/\\\/www.casaldelespluga.cat\\\/wp-content\\\/uploads\\\/2018\\\/08\\\/cropped-cropped-logo-casal.jpg\",\"width\":2283,\"height\":2283,\"caption\":\"Casal de l\u00b4Espluga de Francol\u00ed\"},\"image\":{\"@id\":\"https:\\\/\\\/www.casaldelespluga.cat\\\/#\\\/schema\\\/logo\\\/image\\\/\"},\"sameAs\":[\"https:\\\/\\\/www.facebook.com\\\/?locale=ca_ES\",\"https:\\\/\\\/www.instagram.com\\\/casalespluga\\\/\"]},{\"@type\":\"Person\",\"@id\":\"https:\\\/\\\/www.casaldelespluga.cat\\\/#\\\/schema\\\/person\\\/9296b5e542097ee7b621e10e4de9452f\",\"name\":\"EvaBonet\",\"image\":{\"@type\":\"ImageObject\",\"inLanguage\":\"ca\",\"@id\":\"https:\\\/\\\/secure.gravatar.com\\\/avatar\\\/a26f126b7d78adf5094deb47ed3bc9fdb9b880a48b732964bd3f0b6735b773cf?s=96&d=mm&r=g\",\"url\":\"https:\\\/\\\/secure.gravatar.com\\\/avatar\\\/a26f126b7d78adf5094deb47ed3bc9fdb9b880a48b732964bd3f0b6735b773cf?s=96&d=mm&r=g\",\"contentUrl\":\"https:\\\/\\\/secure.gravatar.com\\\/avatar\\\/a26f126b7d78adf5094deb47ed3bc9fdb9b880a48b732964bd3f0b6735b773cf?s=96&d=mm&r=g\",\"caption\":\"EvaBonet\"},\"url\":\"https:\\\/\\\/www.casaldelespluga.cat\\\/?author=1\"}]}<\/script>\n<!-- \/ Yoast SEO plugin. -->","yoast_head_json":{"title":"Els Pastorets de l\u2019Espluga inicien una campanya de micromecenatge per la nova escenografia - Casal de l\u00b4Espluga de Francol\u00ed","robots":{"index":"index","follow":"follow","max-snippet":"max-snippet:-1","max-image-preview":"max-image-preview:large","max-video-preview":"max-video-preview:-1"},"canonical":"https:\/\/www.casaldelespluga.cat\/?p=3951","og_locale":"ca_ES","og_type":"article","og_title":"Els Pastorets de l\u2019Espluga inicien una campanya de micromecenatge per la nova escenografia - Casal de l\u00b4Espluga de Francol\u00ed","og_description":"L\u2019Espluga de Francol\u00ed \u2013 El Grup de Tratea Teatre dels Pastorets de l\u2019Espluga de Francol\u00ed ha llan\u00e7at una nova campanya de crowdfunding per a recaptar fons per a la creaci\u00f3 d\u2019una nova escenografia per a la representaci\u00f3 dels Pastorets de la propera edici\u00f3 de 2025. Aquest canvi es realitza amb motiu de la celebraci\u00f3 del [&hellip;]","og_url":"https:\/\/www.casaldelespluga.cat\/?p=3951","og_site_name":"Casal de l\u00b4Espluga de Francol\u00ed","article_publisher":"https:\/\/www.facebook.com\/?locale=ca_ES","article_published_time":"2025-01-29T11:56:26+00:00","article_modified_time":"2025-02-12T14:42:33+00:00","author":"EvaBonet","twitter_card":"summary_large_image","twitter_misc":{"Escrit per":"EvaBonet","Temps estimat de lectura":"4 minuts"},"schema":{"@context":"https:\/\/schema.org","@graph":[{"@type":"Article","@id":"https:\/\/www.casaldelespluga.cat\/?p=3951#article","isPartOf":{"@id":"https:\/\/www.casaldelespluga.cat\/?p=3951"},"author":{"name":"EvaBonet","@id":"https:\/\/www.casaldelespluga.cat\/#\/schema\/person\/9296b5e542097ee7b621e10e4de9452f"},"headline":"Els Pastorets de l\u2019Espluga inicien una campanya de micromecenatge per la nova escenografia","datePublished":"2025-01-29T11:56:26+00:00","dateModified":"2025-02-12T14:42:33+00:00","mainEntityOfPage":{"@id":"https:\/\/www.casaldelespluga.cat\/?p=3951"},"wordCount":616,"commentCount":0,"publisher":{"@id":"https:\/\/www.casaldelespluga.cat\/#organization"},"articleSection":["Sin categor\u00eda"],"inLanguage":"ca","potentialAction":[{"@type":"CommentAction","name":"Comment","target":["https:\/\/www.casaldelespluga.cat\/?p=3951#respond"]}]},{"@type":"WebPage","@id":"https:\/\/www.casaldelespluga.cat\/?p=3951","url":"https:\/\/www.casaldelespluga.cat\/?p=3951","name":"Els Pastorets de l\u2019Espluga inicien una campanya de micromecenatge per la nova escenografia - Casal de l\u00b4Espluga de Francol\u00ed","isPartOf":{"@id":"https:\/\/www.casaldelespluga.cat\/#website"},"datePublished":"2025-01-29T11:56:26+00:00","dateModified":"2025-02-12T14:42:33+00:00","breadcrumb":{"@id":"https:\/\/www.casaldelespluga.cat\/?p=3951#breadcrumb"},"inLanguage":"ca","potentialAction":[{"@type":"ReadAction","target":["https:\/\/www.casaldelespluga.cat\/?p=3951"]}]},{"@type":"BreadcrumbList","@id":"https:\/\/www.casaldelespluga.cat\/?p=3951#breadcrumb","itemListElement":[{"@type":"ListItem","position":1,"name":"Portada","item":"https:\/\/www.casaldelespluga.cat\/"},{"@type":"ListItem","position":2,"name":"Els Pastorets de l\u2019Espluga inicien una campanya de micromecenatge per la nova escenografia"}]},{"@type":"WebSite","@id":"https:\/\/www.casaldelespluga.cat\/#website","url":"https:\/\/www.casaldelespluga.cat\/","name":"Casal de l\u00b4Espluga de Francol\u00ed","description":"Associaci\u00f3 sociocultural i esportiva","publisher":{"@id":"https:\/\/www.casaldelespluga.cat\/#organization"},"potentialAction":[{"@type":"SearchAction","target":{"@type":"EntryPoint","urlTemplate":"https:\/\/www.casaldelespluga.cat\/?s={search_term_string}"},"query-input":{"@type":"PropertyValueSpecification","valueRequired":true,"valueName":"search_term_string"}}],"inLanguage":"ca"},{"@type":"Organization","@id":"https:\/\/www.casaldelespluga.cat\/#organization","name":"Casal de l\u00b4Espluga de Francol\u00ed","url":"https:\/\/www.casaldelespluga.cat\/","logo":{"@type":"ImageObject","inLanguage":"ca","@id":"https:\/\/www.casaldelespluga.cat\/#\/schema\/logo\/image\/","url":"https:\/\/www.casaldelespluga.cat\/wp-content\/uploads\/2018\/08\/cropped-cropped-logo-casal.jpg","contentUrl":"https:\/\/www.casaldelespluga.cat\/wp-content\/uploads\/2018\/08\/cropped-cropped-logo-casal.jpg","width":2283,"height":2283,"caption":"Casal de l\u00b4Espluga de Francol\u00ed"},"image":{"@id":"https:\/\/www.casaldelespluga.cat\/#\/schema\/logo\/image\/"},"sameAs":["https:\/\/www.facebook.com\/?locale=ca_ES","https:\/\/www.instagram.com\/casalespluga\/"]},{"@type":"Person","@id":"https:\/\/www.casaldelespluga.cat\/#\/schema\/person\/9296b5e542097ee7b621e10e4de9452f","name":"EvaBonet","image":{"@type":"ImageObject","inLanguage":"ca","@id":"https:\/\/secure.gravatar.com\/avatar\/a26f126b7d78adf5094deb47ed3bc9fdb9b880a48b732964bd3f0b6735b773cf?s=96&d=mm&r=g","url":"https:\/\/secure.gravatar.com\/avatar\/a26f126b7d78adf5094deb47ed3bc9fdb9b880a48b732964bd3f0b6735b773cf?s=96&d=mm&r=g","contentUrl":"https:\/\/secure.gravatar.com\/avatar\/a26f126b7d78adf5094deb47ed3bc9fdb9b880a48b732964bd3f0b6735b773cf?s=96&d=mm&r=g","caption":"EvaBonet"},"url":"https:\/\/www.casaldelespluga.cat\/?author=1"}]}},"_links":{"self":[{"href":"https:\/\/www.casaldelespluga.cat\/index.php?rest_route=\/wp\/v2\/posts\/3951","targetHints":{"allow":["GET"]}}],"collection":[{"href":"https:\/\/www.casaldelespluga.cat\/index.php?rest_route=\/wp\/v2\/posts"}],"about":[{"href":"https:\/\/www.casaldelespluga.cat\/index.php?rest_route=\/wp\/v2\/types\/post"}],"author":[{"embeddable":true,"href":"https:\/\/www.casaldelespluga.cat\/index.php?rest_route=\/wp\/v2\/users\/1"}],"replies":[{"embeddable":true,"href":"https:\/\/www.casaldelespluga.cat\/index.php?rest_route=%2Fwp%2Fv2%2Fcomments&post=3951"}],"version-history":[{"count":3,"href":"https:\/\/www.casaldelespluga.cat\/index.php?rest_route=\/wp\/v2\/posts\/3951\/revisions"}],"predecessor-version":[{"id":4125,"href":"https:\/\/www.casaldelespluga.cat\/index.php?rest_route=\/wp\/v2\/posts\/3951\/revisions\/4125"}],"wp:attachment":[{"href":"https:\/\/www.casaldelespluga.cat\/index.php?rest_route=%2Fwp%2Fv2%2Fmedia&parent=3951"}],"wp:term":[{"taxonomy":"category","embeddable":true,"href":"https:\/\/www.casaldelespluga.cat\/index.php?rest_route=%2Fwp%2Fv2%2Fcategories&post=3951"},{"taxonomy":"post_tag","embeddable":true,"href":"https:\/\/www.casaldelespluga.cat\/index.php?rest_route=%2Fwp%2Fv2%2Ftags&post=3951"}],"curies":[{"name":"wp","href":"https:\/\/api.w.org\/{rel}","templated":true}]}}